{"id":2808,"date":"2022-04-19T23:19:32","date_gmt":"2022-04-19T23:19:32","guid":{"rendered":"https:\/\/www.vrtic-veseli-kutak.hr\/nova\/?p=2808"},"modified":"2022-04-19T23:24:42","modified_gmt":"2022-04-19T23:24:42","slug":"obavijest-upis-djece-u-prvi-razred-osnovne-skole-za-skolsku-godinu-2022-2023","status":"publish","type":"post","link":"https:\/\/www.vrtic-veseli-kutak.hr\/nova\/2022\/04\/19\/obavijest-upis-djece-u-prvi-razred-osnovne-skole-za-skolsku-godinu-2022-2023\/","title":{"rendered":"OBAVIJEST &#8211; Upis djece u prvi razred osnovne \u0161kole za \u0161kolsku godinu 2022.\/2023."},"content":{"rendered":"\n<p>Po\u0161tovani roditelji,&nbsp;<\/p>\n\n\n\n<p>Postupak prijave djece \u0161kolskih obveznika u prvi razred osnovne \u0161kole za \u0161kolsku godinu 2022.\/2023. traje od 07. do 17. velja\u010de 2022.g.<\/p>\n\n\n\n<p>Postupak je detaljno obja\u0161njen u prilo\u017eenom dokumentu.<\/p>\n\n\n\n<p><a href=\"https:\/\/www.vrtic-veseli-kutak.hr\/attachments\/article\/42\/Upisi%20u%201.%20razred-2022.-2023..pdf\">https:\/\/www.vrtic-veseli-kutak.hr\/attachments\/article\/42\/Upisi%20u%201.%20razred-2022.-2023..pdf<\/a><\/p>\n","protected":false},"excerpt":{"rendered":"<p>Po\u0161tovani roditelji,&nbsp; Postupak prijave djece \u0161kolskih obveznika u prvi razred osnovne \u0161kole za \u0161kolsku godinu 2022.\/2023. traje od 07. do 17. velja\u010de 2022.g. Postupak je detaljno obja\u0161njen u prilo\u017eenom dokumentu. https:\/\/www.vrtic-veseli-kutak.hr\/attachments\/article\/42\/Upisi%20u%201.%20razred-2022.-2023..pdf<\/p>\n","protected":false},"author":1,"featured_media":0,"comment_status":"closed","ping_status":"closed","sticky":false,"template":"","format":"standard","meta":{"footnotes":""},"categories":[42],"tags":[],"class_list":["post-2808","post","type-post","status-publish","format-standard","hentry","category-novosti"],"_links":{"self":[{"href":"https:\/\/www.vrtic-veseli-kutak.hr\/nova\/wp-json\/wp\/v2\/posts\/2808","targetHints":{"allow":["GET"]}}],"collection":[{"href":"https:\/\/www.vrtic-veseli-kutak.hr\/nova\/wp-json\/wp\/v2\/posts"}],"about":[{"href":"https:\/\/www.vrtic-veseli-kutak.hr\/nova\/wp-json\/wp\/v2\/types\/post"}],"author":[{"embeddable":true,"href":"https:\/\/www.vrtic-veseli-kutak.hr\/nova\/wp-json\/wp\/v2\/users\/1"}],"replies":[{"embeddable":true,"href":"https:\/\/www.vrtic-veseli-kutak.hr\/nova\/wp-json\/wp\/v2\/comments?post=2808"}],"version-history":[{"count":1,"href":"https:\/\/www.vrtic-veseli-kutak.hr\/nova\/wp-json\/wp\/v2\/posts\/2808\/revisions"}],"predecessor-version":[{"id":2809,"href":"https:\/\/www.vrtic-veseli-kutak.hr\/nova\/wp-json\/wp\/v2\/posts\/2808\/revisions\/2809"}],"wp:attachment":[{"href":"https:\/\/www.vrtic-veseli-kutak.hr\/nova\/wp-json\/wp\/v2\/media?parent=2808"}],"wp:term":[{"taxonomy":"category","embeddable":true,"href":"https:\/\/www.vrtic-veseli-kutak.hr\/nova\/wp-json\/wp\/v2\/categories?post=2808"},{"taxonomy":"post_tag","embeddable":true,"href":"https:\/\/www.vrtic-veseli-kutak.hr\/nova\/wp-json\/wp\/v2\/tags?post=2808"}],"curies":[{"name":"wp","href":"https:\/\/api.w.org\/{rel}","templated":true}]}}