{"id":2933,"date":"2023-01-12T12:50:05","date_gmt":"2023-01-12T12:50:05","guid":{"rendered":"https:\/\/www.vrtic-veseli-kutak.hr\/nova\/?p=2933"},"modified":"2023-01-12T12:54:55","modified_gmt":"2023-01-12T12:54:55","slug":"godisnji-plan-i-program-rada-za-pedagosku-godinu-2022-2023","status":"publish","type":"post","link":"https:\/\/www.vrtic-veseli-kutak.hr\/nova\/2023\/01\/12\/godisnji-plan-i-program-rada-za-pedagosku-godinu-2022-2023\/","title":{"rendered":"GODI\u0160NJI PLAN I PROGRAM RADA ZA PEDAGO\u0160KU GODINU 2022.\/2023."},"content":{"rendered":"\n<p>GODI\u0160NJI PLAN I PROGRAM RADA<br>DJE\u010cJEG VRTI\u0106A \u201cVESELI KUTAK\u201d U STOBRE\u010cU<br>ZA PEDAGO\u0160KU GODINU 2022.\/2023.<\/p>\n\n\n\n<div class=\"wp-block-file\"><a id=\"wp-block-file--media-74a50fee-8f36-477a-aa22-86c102766102\" href=\"https:\/\/www.vrtic-veseli-kutak.hr\/nova\/wp-content\/uploads\/2023\/01\/GPPR-DV-Veseli-kutak-Stobrec-p.g.-2022.-2023..pdf\" target=\"_blank\" rel=\"noreferrer noopener\">GPPR-DV-Veseli-kutak-Stobrec-p.g.-2022.-2023.<\/a><a href=\"https:\/\/www.vrtic-veseli-kutak.hr\/nova\/wp-content\/uploads\/2023\/01\/GPPR-DV-Veseli-kutak-Stobrec-p.g.-2022.-2023..pdf\" class=\"wp-block-file__button wp-element-button\" download aria-describedby=\"wp-block-file--media-74a50fee-8f36-477a-aa22-86c102766102\"><\/a><\/div>\n","protected":false},"excerpt":{"rendered":"<p>GODI\u0160NJI PLAN I PROGRAM RADADJE\u010cJEG VRTI\u0106A \u201cVESELI KUTAK\u201d U STOBRE\u010cUZA PEDAGO\u0160KU GODINU 2022.\/2023.<\/p>\n","protected":false},"author":1,"featured_media":0,"comment_status":"closed","ping_status":"closed","sticky":false,"template":"","format":"standard","meta":{"footnotes":""},"categories":[42],"tags":[],"class_list":["post-2933","post","type-post","status-publish","format-standard","hentry","category-novosti"],"_links":{"self":[{"href":"https:\/\/www.vrtic-veseli-kutak.hr\/nova\/wp-json\/wp\/v2\/posts\/2933","targetHints":{"allow":["GET"]}}],"collection":[{"href":"https:\/\/www.vrtic-veseli-kutak.hr\/nova\/wp-json\/wp\/v2\/posts"}],"about":[{"href":"https:\/\/www.vrtic-veseli-kutak.hr\/nova\/wp-json\/wp\/v2\/types\/post"}],"author":[{"embeddable":true,"href":"https:\/\/www.vrtic-veseli-kutak.hr\/nova\/wp-json\/wp\/v2\/users\/1"}],"replies":[{"embeddable":true,"href":"https:\/\/www.vrtic-veseli-kutak.hr\/nova\/wp-json\/wp\/v2\/comments?post=2933"}],"version-history":[{"count":2,"href":"https:\/\/www.vrtic-veseli-kutak.hr\/nova\/wp-json\/wp\/v2\/posts\/2933\/revisions"}],"predecessor-version":[{"id":2939,"href":"https:\/\/www.vrtic-veseli-kutak.hr\/nova\/wp-json\/wp\/v2\/posts\/2933\/revisions\/2939"}],"wp:attachment":[{"href":"https:\/\/www.vrtic-veseli-kutak.hr\/nova\/wp-json\/wp\/v2\/media?parent=2933"}],"wp:term":[{"taxonomy":"category","embeddable":true,"href":"https:\/\/www.vrtic-veseli-kutak.hr\/nova\/wp-json\/wp\/v2\/categories?post=2933"},{"taxonomy":"post_tag","embeddable":true,"href":"https:\/\/www.vrtic-veseli-kutak.hr\/nova\/wp-json\/wp\/v2\/tags?post=2933"}],"curies":[{"name":"wp","href":"https:\/\/api.w.org\/{rel}","templated":true}]}}