{"id":2981,"date":"2023-02-02T11:32:19","date_gmt":"2023-02-02T11:32:19","guid":{"rendered":"https:\/\/www.vrtic-veseli-kutak.hr\/nova\/?p=2981"},"modified":"2023-02-02T11:33:31","modified_gmt":"2023-02-02T11:33:31","slug":"obavijest-upis-djece-u-prvi-razred-osnovne-skole-za-skolsku-godinu-2023-2024","status":"publish","type":"post","link":"https:\/\/www.vrtic-veseli-kutak.hr\/nova\/2023\/02\/02\/obavijest-upis-djece-u-prvi-razred-osnovne-skole-za-skolsku-godinu-2023-2024\/","title":{"rendered":"OBAVIJEST \u2013 Upis djece u prvi razred osnovne \u0161kole za \u0161kolsku godinu 2023.\/2024."},"content":{"rendered":"\n<p>Po\u0161tovani roditelji,&nbsp;<\/p>\n\n\n\n<p>Postupak prijave djece \u0161kolskih obveznika u prvi razred osnovne \u0161kole za \u0161kolsku godinu 2023.\/2024. provodit \u0107e se od 06. do 16. velja\u010de 2023.g.<\/p>\n\n\n\n<p>Postupak je detaljno obja\u0161njen u prilo\u017eenom dokumentu.<\/p>\n\n\n\n<div class=\"wp-block-file\"><a id=\"wp-block-file--media-119f05cb-86a4-41b4-9f87-6755445806da\" href=\"https:\/\/www.vrtic-veseli-kutak.hr\/nova\/wp-content\/uploads\/2023\/02\/OBAVIJEST-upis-u-prvi-razred-2023.-2024..pdf\" target=\"_blank\" rel=\"noreferrer noopener\">OBAVIJEST-upis-u-prvi-razred-2023.-2024.<\/a><a href=\"https:\/\/www.vrtic-veseli-kutak.hr\/nova\/wp-content\/uploads\/2023\/02\/OBAVIJEST-upis-u-prvi-razred-2023.-2024..pdf\" class=\"wp-block-file__button wp-element-button\" download aria-describedby=\"wp-block-file--media-119f05cb-86a4-41b4-9f87-6755445806da\">Preuzmi<\/a><\/div>\n","protected":false},"excerpt":{"rendered":"<p>Po\u0161tovani roditelji,&nbsp; Postupak prijave djece \u0161kolskih obveznika u prvi razred osnovne \u0161kole za \u0161kolsku godinu 2023.\/2024. provodit \u0107e se od 06. do 16. velja\u010de 2023.g. Postupak je detaljno obja\u0161njen u prilo\u017eenom dokumentu.<\/p>\n","protected":false},"author":1,"featured_media":0,"comment_status":"closed","ping_status":"closed","sticky":false,"template":"","format":"standard","meta":{"footnotes":""},"categories":[42],"tags":[],"class_list":["post-2981","post","type-post","status-publish","format-standard","hentry","category-novosti"],"_links":{"self":[{"href":"https:\/\/www.vrtic-veseli-kutak.hr\/nova\/wp-json\/wp\/v2\/posts\/2981","targetHints":{"allow":["GET"]}}],"collection":[{"href":"https:\/\/www.vrtic-veseli-kutak.hr\/nova\/wp-json\/wp\/v2\/posts"}],"about":[{"href":"https:\/\/www.vrtic-veseli-kutak.hr\/nova\/wp-json\/wp\/v2\/types\/post"}],"author":[{"embeddable":true,"href":"https:\/\/www.vrtic-veseli-kutak.hr\/nova\/wp-json\/wp\/v2\/users\/1"}],"replies":[{"embeddable":true,"href":"https:\/\/www.vrtic-veseli-kutak.hr\/nova\/wp-json\/wp\/v2\/comments?post=2981"}],"version-history":[{"count":2,"href":"https:\/\/www.vrtic-veseli-kutak.hr\/nova\/wp-json\/wp\/v2\/posts\/2981\/revisions"}],"predecessor-version":[{"id":2984,"href":"https:\/\/www.vrtic-veseli-kutak.hr\/nova\/wp-json\/wp\/v2\/posts\/2981\/revisions\/2984"}],"wp:attachment":[{"href":"https:\/\/www.vrtic-veseli-kutak.hr\/nova\/wp-json\/wp\/v2\/media?parent=2981"}],"wp:term":[{"taxonomy":"category","embeddable":true,"href":"https:\/\/www.vrtic-veseli-kutak.hr\/nova\/wp-json\/wp\/v2\/categories?post=2981"},{"taxonomy":"post_tag","embeddable":true,"href":"https:\/\/www.vrtic-veseli-kutak.hr\/nova\/wp-json\/wp\/v2\/tags?post=2981"}],"curies":[{"name":"wp","href":"https:\/\/api.w.org\/{rel}","templated":true}]}}