{"id":3330,"date":"2024-08-20T11:32:02","date_gmt":"2024-08-20T11:32:02","guid":{"rendered":"https:\/\/www.vrtic-veseli-kutak.hr\/nova\/?p=3330"},"modified":"2024-09-01T19:07:43","modified_gmt":"2024-09-01T19:07:43","slug":"obavijest-o-pocetku-pedagoske-godine-2024-2025","status":"publish","type":"post","link":"https:\/\/www.vrtic-veseli-kutak.hr\/nova\/2024\/08\/20\/obavijest-o-pocetku-pedagoske-godine-2024-2025\/","title":{"rendered":"OBAVIJEST o po\u010detku pedago\u0161ke godine 2024.\/2025."},"content":{"rendered":"\n<div data-wp-interactive=\"core\/file\" class=\"wp-block-file\"><object data-wp-bind--hidden=\"!state.hasPdfPreview\" hidden class=\"wp-block-file__embed\" data=\"https:\/\/www.vrtic-veseli-kutak.hr\/nova\/wp-content\/uploads\/2024\/08\/OBAVIJEST-pocetak-p.g.-2024.-2025.pdf\" type=\"application\/pdf\" style=\"width:100%;height:600px\" aria-label=\"Ugra\u0111eno OBAVIJEST-po\u010detak p.g. 2024.-2025..\"><\/object><a id=\"wp-block-file--media-6ddfadc4-d3b3-46b3-bfab-7f3efedb601a\" href=\"https:\/\/www.vrtic-veseli-kutak.hr\/nova\/wp-content\/uploads\/2024\/08\/OBAVIJEST-pocetak-p.g.-2024.-2025.pdf\">OBAVIJEST-po\u010detak p.g. 2024.-2025.<\/a><a href=\"https:\/\/www.vrtic-veseli-kutak.hr\/nova\/wp-content\/uploads\/2024\/08\/OBAVIJEST-pocetak-p.g.-2024.-2025.pdf\" class=\"wp-block-file__button wp-element-button\" download aria-describedby=\"wp-block-file--media-6ddfadc4-d3b3-46b3-bfab-7f3efedb601a\">Preuzmi<\/a><\/div>\n\n\n\n<div data-wp-interactive=\"core\/file\" class=\"wp-block-file\"><object data-wp-bind--hidden=\"!state.hasPdfPreview\" hidden class=\"wp-block-file__embed\" data=\"https:\/\/www.vrtic-veseli-kutak.hr\/nova\/wp-content\/uploads\/2024\/08\/PROCES-ADAPTACIJE-u-jaslickim-i-vrtickim-skupinama.pdf\" type=\"application\/pdf\" style=\"width:100%;height:600px\" aria-label=\"Ugra\u0111eno PROCES ADAPTACIJE u jasli\u010dkim i vrti\u0107kim skupinama.\"><\/object><a id=\"wp-block-file--media-64eaa870-dab1-4add-931d-58bd0062895a\" href=\"https:\/\/www.vrtic-veseli-kutak.hr\/nova\/wp-content\/uploads\/2024\/08\/PROCES-ADAPTACIJE-u-jaslickim-i-vrtickim-skupinama.pdf\">PROCES ADAPTACIJE u jasli\u010dkim i vrti\u0107kim skupinama<\/a><a href=\"https:\/\/www.vrtic-veseli-kutak.hr\/nova\/wp-content\/uploads\/2024\/08\/PROCES-ADAPTACIJE-u-jaslickim-i-vrtickim-skupinama.pdf\" class=\"wp-block-file__button wp-element-button\" download aria-describedby=\"wp-block-file--media-64eaa870-dab1-4add-931d-58bd0062895a\">Preuzmi<\/a><\/div>\n","protected":false},"excerpt":{"rendered":"","protected":false},"author":3,"featured_media":0,"comment_status":"closed","ping_status":"closed","sticky":false,"template":"","format":"standard","meta":{"footnotes":""},"categories":[42],"tags":[],"class_list":["post-3330","post","type-post","status-publish","format-standard","hentry","category-novosti"],"_links":{"self":[{"href":"https:\/\/www.vrtic-veseli-kutak.hr\/nova\/wp-json\/wp\/v2\/posts\/3330","targetHints":{"allow":["GET"]}}],"collection":[{"href":"https:\/\/www.vrtic-veseli-kutak.hr\/nova\/wp-json\/wp\/v2\/posts"}],"about":[{"href":"https:\/\/www.vrtic-veseli-kutak.hr\/nova\/wp-json\/wp\/v2\/types\/post"}],"author":[{"embeddable":true,"href":"https:\/\/www.vrtic-veseli-kutak.hr\/nova\/wp-json\/wp\/v2\/users\/3"}],"replies":[{"embeddable":true,"href":"https:\/\/www.vrtic-veseli-kutak.hr\/nova\/wp-json\/wp\/v2\/comments?post=3330"}],"version-history":[{"count":2,"href":"https:\/\/www.vrtic-veseli-kutak.hr\/nova\/wp-json\/wp\/v2\/posts\/3330\/revisions"}],"predecessor-version":[{"id":3336,"href":"https:\/\/www.vrtic-veseli-kutak.hr\/nova\/wp-json\/wp\/v2\/posts\/3330\/revisions\/3336"}],"wp:attachment":[{"href":"https:\/\/www.vrtic-veseli-kutak.hr\/nova\/wp-json\/wp\/v2\/media?parent=3330"}],"wp:term":[{"taxonomy":"category","embeddable":true,"href":"https:\/\/www.vrtic-veseli-kutak.hr\/nova\/wp-json\/wp\/v2\/categories?post=3330"},{"taxonomy":"post_tag","embeddable":true,"href":"https:\/\/www.vrtic-veseli-kutak.hr\/nova\/wp-json\/wp\/v2\/tags?post=3330"}],"curies":[{"name":"wp","href":"https:\/\/api.w.org\/{rel}","templated":true}]}}